{"id":7552,"date":"2022-02-10T15:08:19","date_gmt":"2022-02-10T14:08:19","guid":{"rendered":"http:\/\/galeriearnaudlefebvrearchives.com\/hessie\/?p=7552"},"modified":"2023-01-04T16:00:08","modified_gmt":"2023-01-04T15:00:08","slug":"the-bridge-by-christian-berst-presente-lexposition-rever-lobscur-commissaire-julie-crenn-du-3-fevrier-au-27-mars-2022-paris","status":"publish","type":"post","link":"https:\/\/galeriearnaudlefebvrearchives.com\/hessie\/the-bridge-by-christian-berst-presente-lexposition-rever-lobscur-commissaire-julie-crenn-du-3-fevrier-au-27-mars-2022-paris\/","title":{"rendered":"2022 &#8211; \u00ab\u00a0R\u00eaver l\u2019obscur\u00a0\u00bb, commissaire Julie Crenn, du 3 f\u00e9vrier au 27 mars, Galerie Christian Berst, Paris"},"content":{"rendered":"\n<p class=\"wp-block-paragraph\">Exposition collective avec les \u0153uvres de : Catherine Boyer, Anne Br\u00e9geaut,\nBrodette, Guo Fengyi, Vidya Gastaldon, P\u00e9lagie Gbaguidi, Madge Gill,\nH\u00e9l\u00e8ne Gugenheim, Hessie, Esther Hoareau, Lauren Januhowski, \u00cfan\nLarue, Fr\u00e9d\u00e9rique Loutz, Margot, Roberta Marrero, C\u00e9cilie Markov\u00e1,\nMarie-Claire Messouma Manlanbien, Myriam Mihindou, Saba Niknam,\nPistil Paeonia, Marilena Pelosi, Agathe Piti\u00e9, Pascale Simont, Delphine\nTrouche, Anna Zem\u00e1nkov\u00e1, Henriette Z\u00e9phir.\n<\/p>\n\n\n\n<p class=\"wp-block-paragraph\"><a href=\"http:\/\/galeriearnaudlefebvrearchives.com\/hessie\/wp-content\/uploads\/cp_rever_l-obscur_julie_crenn_2022.pdf\"><strong>Communiqu\u00e9 de presse<\/strong><\/a><\/p>\n\n\n\n<p class=\"wp-block-paragraph\">\u00c9dition d&rsquo;un catalogue : \u00ab\u00a0R\u00eaver l&rsquo;obscur\u00a0\u00bb, #6, 2022.<\/p>\n\n\n\n<figure class=\"wp-block-image\"><img loading=\"lazy\" decoding=\"async\" width=\"1667\" height=\"2500\" src=\"https:\/\/galeriearnaudlefebvrearchives.com\/hessie\/wp-content\/uploads\/vue-de-lexposition-re\u0302ver-lobscur-commissaire-Julie-Crenn-the-bridge-by-christian-berst-Paris-2022.-courtesy-christian-berst-art-brut-1667x2500.jpg\" alt=\"\" class=\"wp-image-7611\" srcset=\"https:\/\/galeriearnaudlefebvrearchives.com\/hessie\/wp-content\/uploads\/vue-de-lexposition-re\u0302ver-lobscur-commissaire-Julie-Crenn-the-bridge-by-christian-berst-Paris-2022.-courtesy-christian-berst-art-brut-1667x2500.jpg 1667w, https:\/\/galeriearnaudlefebvrearchives.com\/hessie\/wp-content\/uploads\/vue-de-lexposition-re\u0302ver-lobscur-commissaire-Julie-Crenn-the-bridge-by-christian-berst-Paris-2022.-courtesy-christian-berst-art-brut-300x450.jpg 300w, https:\/\/galeriearnaudlefebvrearchives.com\/hessie\/wp-content\/uploads\/vue-de-lexposition-re\u0302ver-lobscur-commissaire-Julie-Crenn-the-bridge-by-christian-berst-Paris-2022.-courtesy-christian-berst-art-brut-600x900.jpg 600w, https:\/\/galeriearnaudlefebvrearchives.com\/hessie\/wp-content\/uploads\/vue-de-lexposition-re\u0302ver-lobscur-commissaire-Julie-Crenn-the-bridge-by-christian-berst-Paris-2022.-courtesy-christian-berst-art-brut-768x1152.jpg 768w, https:\/\/galeriearnaudlefebvrearchives.com\/hessie\/wp-content\/uploads\/vue-de-lexposition-re\u0302ver-lobscur-commissaire-Julie-Crenn-the-bridge-by-christian-berst-Paris-2022.-courtesy-christian-berst-art-brut.jpg 2000w\" sizes=\"auto, (max-width: 1667px) 100vw, 1667px\" \/><figcaption>Vue d&rsquo;exposition<br> courtesy christian berst art brut, Paris<\/figcaption><\/figure>\n\n\n\n<figure class=\"wp-block-image\"><img loading=\"lazy\" decoding=\"async\" width=\"1580\" height=\"800\" src=\"https:\/\/galeriearnaudlefebvrearchives.com\/hessie\/wp-content\/uploads\/Hessie_se\u0301rie-ve\u0301ge\u0301tation-No.Inv_.21-copie-BD.jpg\" alt=\"\" class=\"wp-image-7557\" srcset=\"https:\/\/galeriearnaudlefebvrearchives.com\/hessie\/wp-content\/uploads\/Hessie_se\u0301rie-ve\u0301ge\u0301tation-No.Inv_.21-copie-BD.jpg 1580w, https:\/\/galeriearnaudlefebvrearchives.com\/hessie\/wp-content\/uploads\/Hessie_se\u0301rie-ve\u0301ge\u0301tation-No.Inv_.21-copie-BD-450x228.jpg 450w, https:\/\/galeriearnaudlefebvrearchives.com\/hessie\/wp-content\/uploads\/Hessie_se\u0301rie-ve\u0301ge\u0301tation-No.Inv_.21-copie-BD-900x456.jpg 900w, https:\/\/galeriearnaudlefebvrearchives.com\/hessie\/wp-content\/uploads\/Hessie_se\u0301rie-ve\u0301ge\u0301tation-No.Inv_.21-copie-BD-768x389.jpg 768w\" sizes=\"auto, (max-width: 1580px) 100vw, 1580px\" \/><figcaption>Hessie, s\u00e9rie V\u00e9g\u00e9tations No.Inv.021<\/figcaption><\/figure>\n\n\n\n<p class=\"wp-block-paragraph\">\/<strong>\/\/ Liste des \u0153uvres expos\u00e9es<\/strong><\/p>\n\n\n\n<p class=\"wp-block-paragraph\"><strong><em><a href=\"https:\/\/galeriearnaudlefebvrearchives.com\/hessie\/vegetations-n21\/\">V\u00e9g\u00e9tations<\/a><\/em><a href=\"https:\/\/galeriearnaudlefebvrearchives.com\/hessie\/vegetations-n21\/\"> (No.Inv.021)<\/a><\/strong><br> 1972<\/p>\n\n\n\n<p class=\"wp-block-paragraph\">Broderie de fils rouge et vert sur tissu de coton, 77,5 x 39,5 cm. Encadr\u00e9 sous verre.<\/p>\n\n\n\n<p class=\"wp-block-paragraph\">Sign\u00e9 au dos du cadre.<\/p>\n\n\n\n<p class=\"wp-block-paragraph\"><\/p>\n","protected":false},"excerpt":{"rendered":"<p>Exposition collective avec les \u0153uvres de : Catherine Boyer, Anne Br\u00e9geaut, Brodette, Guo Fengyi, Vidya Gastaldon, P\u00e9lagie Gbaguidi, Madge Gill, H\u00e9l\u00e8ne Gugenheim, Hessie, Esther Hoareau, Lauren Januhowski, \u00cfan Larue, Fr\u00e9d\u00e9rique Loutz, Margot, Roberta Marrero, C\u00e9cilie Markov\u00e1, Marie-Claire Messouma Manlanbien, Myriam Mihindou, Saba Niknam, Pistil Paeonia, Marilena Pelosi, Agathe Piti\u00e9, Pascale Simont, Delphine Trouche, Anna Zem\u00e1nkov\u00e1, [&hellip;]<\/p>\n","protected":false},"author":7,"featured_media":0,"comment_status":"open","ping_status":"open","sticky":false,"template":"","format":"standard","meta":{"footnotes":""},"categories":[41],"tags":[],"class_list":["post-7552","post","type-post","status-publish","format-standard","hentry","category-expositions-collectives"],"_links":{"self":[{"href":"https:\/\/galeriearnaudlefebvrearchives.com\/hessie\/wp-json\/wp\/v2\/posts\/7552","targetHints":{"allow":["GET"]}}],"collection":[{"href":"https:\/\/galeriearnaudlefebvrearchives.com\/hessie\/wp-json\/wp\/v2\/posts"}],"about":[{"href":"https:\/\/galeriearnaudlefebvrearchives.com\/hessie\/wp-json\/wp\/v2\/types\/post"}],"author":[{"embeddable":true,"href":"https:\/\/galeriearnaudlefebvrearchives.com\/hessie\/wp-json\/wp\/v2\/users\/7"}],"replies":[{"embeddable":true,"href":"https:\/\/galeriearnaudlefebvrearchives.com\/hessie\/wp-json\/wp\/v2\/comments?post=7552"}],"version-history":[{"count":17,"href":"https:\/\/galeriearnaudlefebvrearchives.com\/hessie\/wp-json\/wp\/v2\/posts\/7552\/revisions"}],"predecessor-version":[{"id":7790,"href":"https:\/\/galeriearnaudlefebvrearchives.com\/hessie\/wp-json\/wp\/v2\/posts\/7552\/revisions\/7790"}],"wp:attachment":[{"href":"https:\/\/galeriearnaudlefebvrearchives.com\/hessie\/wp-json\/wp\/v2\/media?parent=7552"}],"wp:term":[{"taxonomy":"category","embeddable":true,"href":"https:\/\/galeriearnaudlefebvrearchives.com\/hessie\/wp-json\/wp\/v2\/categories?post=7552"},{"taxonomy":"post_tag","embeddable":true,"href":"https:\/\/galeriearnaudlefebvrearchives.com\/hessie\/wp-json\/wp\/v2\/tags?post=7552"}],"curies":[{"name":"wp","href":"https:\/\/api.w.org\/{rel}","templated":true}]}}