{"id":454,"date":"2017-01-27T18:29:33","date_gmt":"2017-01-27T17:29:33","guid":{"rendered":"http:\/\/galeriearnaudlefebvrearchives.com\/hessie\/?p=454"},"modified":"2024-10-26T15:28:37","modified_gmt":"2024-10-26T13:28:37","slug":"fleurs-rouges-n202","status":"publish","type":"post","link":"https:\/\/galeriearnaudlefebvrearchives.com\/hessie\/fleurs-rouges-n202\/","title":{"rendered":"n\u00b0202 [s\u00e9rie v\u00e9g\u00e9tations] : \u00ab\u00a0Fleurs rouges\u00a0\u00bb"},"content":{"rendered":"<p><strong><em><a href=\"http:\/\/galeriearnaudlefebvrearchives.com\/hessie\/wp-content\/uploads\/vegetation_-202.jpg\"><img loading=\"lazy\" decoding=\"async\" class=\"alignleft size-medium wp-image-2284\" src=\"http:\/\/galeriearnaudlefebvrearchives.com\/hessie\/wp-content\/uploads\/vegetation_-202-900x763.jpg\" alt=\"\" width=\"900\" height=\"763\" srcset=\"https:\/\/galeriearnaudlefebvrearchives.com\/hessie\/wp-content\/uploads\/vegetation_-202-900x763.jpg 900w, https:\/\/galeriearnaudlefebvrearchives.com\/hessie\/wp-content\/uploads\/vegetation_-202-450x382.jpg 450w, https:\/\/galeriearnaudlefebvrearchives.com\/hessie\/wp-content\/uploads\/vegetation_-202-768x651.jpg 768w\" sizes=\"auto, (max-width: 900px) 100vw, 900px\" \/><\/a>Fleurs rouges<\/em> (No.Inv.202)<br \/>\n<\/strong>1980<\/p>\n<p>Broderie de corde rouge sur toile de jute, 106 x 124 cm.<\/p>\n<p>Sign\u00e9 en bas \u00e0 droite<\/p>\n<p>Collection priv\u00e9e<\/p>\n<p>+ HISTORIQUE DES EXPOSITIONS<\/p>\n<p><a href=\"http:\/\/galeriearnaudlefebvrearchives.com\/hessie\/fiac-grand-palais-paris-2016\/\">\u00ab\u00a0FIAC\u00a0\u00bb, Grand Palais, Paris, 2016.<\/a><br \/>\n\u00ab\u00a0<a href=\"https:\/\/galeriearnaudlefebvrearchives.com\/hessie\/2017-galerie-arnaud-lefebvre-paris-des-fleurs-pour-hessie\/\">Des fleurs pour Hessie\u00a0\u00bb, Galerie Arnaud Lefebvre, 2017.<\/a><br \/>\n<a href=\"https:\/\/galeriearnaudlefebvrearchives.com\/hessie\/2020-galerie-arnaud-lefebvre-paris-hessie-actualites\/\">\u00ab\u00a0Hessie, Accrochage\u00a0\u00bb, Galerie Arnaud Lefebvre, 2020.<\/a><br \/>\n<a href=\"https:\/\/galeriearnaudlefebvrearchives.com\/hessie\/2020-galerie-jocelyn-wolff-le-plan-libre\/\">\u00ab\u00a0Le plan libre\u00a0\u00bb, Galerie Jocelyn Wolff, 2020.<\/a><br \/>\n<a href=\"https:\/\/galeriearnaudlefebvrearchives.com\/hessie\/2022-splendid-isolation-du-14-mai-au-18-septembre-curatrice-ann-hoste-s-m-a-k-gent-belgique\/\">\u00ab\u00a0Splendid Isolation\u00a0\u00bb, S.M.A.K., Gand, Belgique, 2022.<\/a><\/p>\n","protected":false},"excerpt":{"rendered":"<p>Fleurs rouges (No.Inv.202) 1980 Broderie de corde rouge sur toile de jute, 106 x 124 cm. Sign\u00e9 en bas \u00e0 droite Collection priv\u00e9e + HISTORIQUE DES EXPOSITIONS \u00ab\u00a0FIAC\u00a0\u00bb, Grand Palais, Paris, 2016. \u00ab\u00a0Des fleurs pour Hessie\u00a0\u00bb, Galerie Arnaud Lefebvre, 2017. \u00ab\u00a0Hessie, Accrochage\u00a0\u00bb, Galerie Arnaud Lefebvre, 2020. \u00ab\u00a0Le plan libre\u00a0\u00bb, Galerie Jocelyn Wolff, 2020. \u00ab\u00a0Splendid Isolation\u00a0\u00bb, [&hellip;]<\/p>\n","protected":false},"author":8,"featured_media":2284,"comment_status":"open","ping_status":"open","sticky":false,"template":"","format":"standard","meta":{"footnotes":""},"categories":[26],"tags":[],"class_list":["post-454","post","type-post","status-publish","format-standard","has-post-thumbnail","hentry","category-vegetations"],"_links":{"self":[{"href":"https:\/\/galeriearnaudlefebvrearchives.com\/hessie\/wp-json\/wp\/v2\/posts\/454","targetHints":{"allow":["GET"]}}],"collection":[{"href":"https:\/\/galeriearnaudlefebvrearchives.com\/hessie\/wp-json\/wp\/v2\/posts"}],"about":[{"href":"https:\/\/galeriearnaudlefebvrearchives.com\/hessie\/wp-json\/wp\/v2\/types\/post"}],"author":[{"embeddable":true,"href":"https:\/\/galeriearnaudlefebvrearchives.com\/hessie\/wp-json\/wp\/v2\/users\/8"}],"replies":[{"embeddable":true,"href":"https:\/\/galeriearnaudlefebvrearchives.com\/hessie\/wp-json\/wp\/v2\/comments?post=454"}],"version-history":[{"count":14,"href":"https:\/\/galeriearnaudlefebvrearchives.com\/hessie\/wp-json\/wp\/v2\/posts\/454\/revisions"}],"predecessor-version":[{"id":8966,"href":"https:\/\/galeriearnaudlefebvrearchives.com\/hessie\/wp-json\/wp\/v2\/posts\/454\/revisions\/8966"}],"wp:featuredmedia":[{"embeddable":true,"href":"https:\/\/galeriearnaudlefebvrearchives.com\/hessie\/wp-json\/wp\/v2\/media\/2284"}],"wp:attachment":[{"href":"https:\/\/galeriearnaudlefebvrearchives.com\/hessie\/wp-json\/wp\/v2\/media?parent=454"}],"wp:term":[{"taxonomy":"category","embeddable":true,"href":"https:\/\/galeriearnaudlefebvrearchives.com\/hessie\/wp-json\/wp\/v2\/categories?post=454"},{"taxonomy":"post_tag","embeddable":true,"href":"https:\/\/galeriearnaudlefebvrearchives.com\/hessie\/wp-json\/wp\/v2\/tags?post=454"}],"curies":[{"name":"wp","href":"https:\/\/api.w.org\/{rel}","templated":true}]}}